{"id":2251,"date":"2023-02-23T16:56:11","date_gmt":"2023-02-23T16:56:11","guid":{"rendered":"https:\/\/feguihand.com\/?p=2251"},"modified":"2023-02-23T16:56:11","modified_gmt":"2023-02-23T16:56:11","slug":"preparation-les-handballeurs-guineens-a-dix-jours-de-lihf-trophy-mondial","status":"publish","type":"post","link":"https:\/\/feguihand.com\/indexp.php\/preparation-les-handballeurs-guineens-a-dix-jours-de-lihf-trophy-mondial\/","title":{"rendered":"Pr\u00e9paration : Les handballeurs guin\u00e9ens \u00e0 dix jours de l\u2019IHF trophy mondial"},"content":{"rendered":"<p>Dans dix (10) jours, le Costa Rica accueillera les meilleures s\u00e9lections \u00e9mergentes de chaque continent dans les cat\u00e9gories Junior et Cadette. Le Syli Handball Junior qualifi\u00e9 \u00e0 cette comp\u00e9tition, se pr\u00e9pare \u00e0 Conakry \u00e0 son QG (Gymnase de la FEGUIHAND) dans l\u2019enceinte du stade 28 Septembre avec un groupe \u00e9largi. Le s\u00e9lectionneur Rachidi Camara a renforc\u00e9 son effectif pour le moment avec la pr\u00e9s\u00e9lection de certains cadets qui ont termin\u00e9 vice-champions derri\u00e8re le Nig\u00e9ria. <\/p>\n<p>Le capitaine C\u00e9c\u00e9 Jonas Camara et sa bande travaillent chaque jour pour bien pr\u00e9parer l\u2019IHF Trophy Intercontinental pr\u00e9vu du 07 au 11 Mars 2023 \u00e0 San Jos\u00e9, la capitale costaricienne. Le staff technique peut se r\u00e9jouir du fait que tous les joueurs sont aptes pour la comp\u00e9tition et l\u2019infirmerie est vide. Avant le d\u00e9part de l\u2019\u00e9quipe, la liste d\u00e9finitive des joueurs convoqu\u00e9s sera rendue publique. <\/p>\n<p>La F\u00e9d\u00e9ration Guin\u00e9enne de Handball en collaboration avec le Minist\u00e8re de la Jeunesse et des Sport, communiquera ult\u00e9rieurement sur la date du d\u00e9part et certainement la remise officielle du drapeau si le temps permet.    <\/p>\n","protected":false},"excerpt":{"rendered":"<p>Dans dix (10) jours, le Costa Rica accueillera les meilleures s\u00e9lections \u00e9mergentes de chaque continent dans les cat\u00e9gories Junior et Cadette. Le Syli Handball Junior qualifi\u00e9 \u00e0 cette comp\u00e9tition, se pr\u00e9pare \u00e0 Conakry \u00e0 son QG (Gymnase de la FEGUIHAND) dans l\u2019enceinte du stade 28 Septembre avec un groupe \u00e9largi. Le s\u00e9lectionneur Rachidi Camara a [&hellip;]<\/p>\n","protected":false},"author":2,"featured_media":2252,"comment_status":"closed","ping_status":"closed","sticky":false,"template":"","format":"standard","meta":{"amp_status":"","footnotes":""},"categories":[2,12,17],"tags":[],"class_list":["post-2251","post","type-post","status-publish","format-standard","has-post-thumbnail","hentry","category-featured","category-h2","category-equipe-nationale-junior"],"_links":{"self":[{"href":"https:\/\/feguihand.com\/indexp.php\/wp-json\/wp\/v2\/posts\/2251","targetHints":{"allow":["GET"]}}],"collection":[{"href":"https:\/\/feguihand.com\/indexp.php\/wp-json\/wp\/v2\/posts"}],"about":[{"href":"https:\/\/feguihand.com\/indexp.php\/wp-json\/wp\/v2\/types\/post"}],"author":[{"embeddable":true,"href":"https:\/\/feguihand.com\/indexp.php\/wp-json\/wp\/v2\/users\/2"}],"replies":[{"embeddable":true,"href":"https:\/\/feguihand.com\/indexp.php\/wp-json\/wp\/v2\/comments?post=2251"}],"version-history":[{"count":0,"href":"https:\/\/feguihand.com\/indexp.php\/wp-json\/wp\/v2\/posts\/2251\/revisions"}],"wp:featuredmedia":[{"embeddable":true,"href":"https:\/\/feguihand.com\/indexp.php\/wp-json\/wp\/v2\/media\/2252"}],"wp:attachment":[{"href":"https:\/\/feguihand.com\/indexp.php\/wp-json\/wp\/v2\/media?parent=2251"}],"wp:term":[{"taxonomy":"category","embeddable":true,"href":"https:\/\/feguihand.com\/indexp.php\/wp-json\/wp\/v2\/categories?post=2251"},{"taxonomy":"post_tag","embeddable":true,"href":"https:\/\/feguihand.com\/indexp.php\/wp-json\/wp\/v2\/tags?post=2251"}],"curies":[{"name":"wp","href":"https:\/\/api.w.org\/{rel}","templated":true}]}}