{"id":2369,"date":"2023-03-16T22:55:54","date_gmt":"2023-03-16T22:55:54","guid":{"rendered":"https:\/\/feguihand.com\/?p=2369"},"modified":"2023-03-16T22:55:54","modified_gmt":"2023-03-16T22:55:54","slug":"ministere-de-la-securite-paye-camara-installe-inspecteur-general-de-la-police-et-de-la-protection-civile","status":"publish","type":"post","link":"https:\/\/feguihand.com\/indexp.php\/ministere-de-la-securite-paye-camara-installe-inspecteur-general-de-la-police-et-de-la-protection-civile\/","title":{"rendered":"Minist\u00e8re de la S\u00e9curit\u00e9 : Paye Camara install\u00e9 Inspecteur G\u00e9n\u00e9ral de la Police et de la Protection Civile"},"content":{"rendered":"<p>Nomm\u00e9 le samedi 04 mars 2023, Inspecteur G\u00e9n\u00e9ral de la Police et de la Protection Civile, le Contr\u00f4leur G\u00e9n\u00e9ral de Police, Mamadouba Paye Camara a \u00e9t\u00e9 officiellement install\u00e9 dans ses nouvelles fonctions, hier mercredi 15 mars 2023, dans les locaux du d\u00e9partement de la S\u00e9curit\u00e9 et de la Protection Civile. <\/p>\n<blockquote><p><img loading=\"lazy\" decoding=\"async\" src=\"https:\/\/feguihand.com\/wp-content\/uploads\/2023\/03\/8BC916B4-8A71-48D0-A915-EEFAED62506B-219x300.png\" alt=\"\" width=\"219\" height=\"300\" class=\"alignnone size-medium wp-image-2350\" srcset=\"https:\/\/feguihand.com\/wp-content\/uploads\/2023\/03\/8BC916B4-8A71-48D0-A915-EEFAED62506B-219x300.png 219w, https:\/\/feguihand.com\/wp-content\/uploads\/2023\/03\/8BC916B4-8A71-48D0-A915-EEFAED62506B-749x1024.png 749w, https:\/\/feguihand.com\/wp-content\/uploads\/2023\/03\/8BC916B4-8A71-48D0-A915-EEFAED62506B-768x1050.png 768w, https:\/\/feguihand.com\/wp-content\/uploads\/2023\/03\/8BC916B4-8A71-48D0-A915-EEFAED62506B-1123x1536.png 1123w, https:\/\/feguihand.com\/wp-content\/uploads\/2023\/03\/8BC916B4-8A71-48D0-A915-EEFAED62506B-1498x2048.png 1498w, https:\/\/feguihand.com\/wp-content\/uploads\/2023\/03\/8BC916B4-8A71-48D0-A915-EEFAED62506B-750x1026.png 750w, https:\/\/feguihand.com\/wp-content\/uploads\/2023\/03\/8BC916B4-8A71-48D0-A915-EEFAED62506B-1140x1559.png 1140w, https:\/\/feguihand.com\/wp-content\/uploads\/2023\/03\/8BC916B4-8A71-48D0-A915-EEFAED62506B.png 1869w\" sizes=\"auto, (max-width: 219px) 100vw, 219px\" \/><\/p><\/blockquote>\n<p>Lors de la passation de service, l\u2019 Inspecteur G\u00e9n\u00e9ral de la Police et de la Protection Civile sortant est revenu sur quelques actes pos\u00e9s sous son magist\u00e8re, notamment la mise en place d\u2019un num\u00e9ro vert, avant de souhaiter la bienvenue au nouveau patron de l\u2019IGPPC. <\/p>\n<p>D\u00e8s l\u2019entame de son discours, le nouvel Inspecteur G\u00e9n\u00e9ral a exprim\u00e9 sa gratitude au chef de l\u2019\u00c9tat, le Colonel Mamadi Doumbouya, pour la confiance et le choix port\u00e9s sur sa personne pour conduire les destin\u00e9es de ce service strat\u00e9gique de la police guin\u00e9enne. <\/p>\n<p>Comme au Bureau Strat\u00e9gie et D\u00e9veloppement du m\u00eame d\u00e9partement, le G\u00e9n\u00e9ral Camara s\u2019est dit dispos\u00e9 \u00e0 travailler en parfaite harmonie avec le personnel de son service dans l\u2019optique d\u2019atteindre les objectifs assign\u00e9s par les autorit\u00e9s. <\/p>\n<p>Conscient de la mission qui l\u2019attend avec son \u00e9quipe, le G\u00e9n\u00e9ral Paye a invit\u00e9 ses coll\u00e8gues \u00e0 s\u2019arrimer \u00e0 la lutte contre certaines pratiques qui perturbent la vie des citoyens guin\u00e9ens, de quelque niveau qu&rsquo;ils soient : \u00ab Nous avons tous la responsabilit\u00e9 d\u2019agir et nous devons entendre les attentes. L\u2019urgence ne manque pas chez nos concitoyens s\u2019agissant de leur s\u00e9curit\u00e9 et de leur tranquillit\u00e9. L\u2019entendre et y r\u00e9pondre chaque jour, c\u2019est la mission des forces de l\u2019ordre, des policiers, les services de protection civile et d\u2019autres services d\u2019application de la loi qui sont en premi\u00e8re ligne face \u00e0 la violence, \u00e0 la d\u00e9tresse que traverse notre soci\u00e9t\u00e9 \u00bb. <\/p>\n<p>Plus loin, l\u2019Inspecteur G\u00e9n\u00e9ral de la Police et de la Protection Civile entrant pr\u00e9cise que : \u00ab Pour beaucoup de nos concitoyens, l\u2019ins\u00e9curit\u00e9 a pris une place dans la vie quotidienne, mais il n\u2019y a rien d\u2019in\u00e9luctable. Et nous devons \u00eatre bien conscients que le combat contre la violence, les trafics, la criminalit\u00e9 organis\u00e9e, la d\u00e9linquance, les cambriolages, contre tout ce qui mine notre pacte social ne peut se gagner que gr\u00e2ce \u00e0 la m\u00e9thode, \u00e0 la pers\u00e9v\u00e9rance, \u00e0 l\u2019obstination\u00a0\u00bb.<\/p>\n<p>En prenant la parole pour cl\u00f4turer cette c\u00e9r\u00e9monie de passation, le Secr\u00e9taire G\u00e9n\u00e9ral du minist\u00e8re de la S\u00e9curit\u00e9 et de la Protection Civile a pr\u00e9cis\u00e9 qu\u2019avant l\u2019arriv\u00e9e du CNRD, l\u2019Inspection G\u00e9n\u00e9rale de la Police et de la Protection Civile \u00e9tait un service presqu\u2019inexistant. <\/p>\n<p>C\u2019est pourquoi le chef de l\u2019Etat a d\u00e9cid\u00e9 de confier ce service au G\u00e9n\u00e9ral Paye Camara qui avait d\u00e9j\u00e0 fait ses preuves au BSD, a pr\u00e9cis\u00e9 Traor\u00e9. Donc l\u2019attente est grande et tout manquement professionnel devrait faire l\u2019objet de sanctions comme souhait\u00e9 par le ministre Bachir Diallo.<\/p>\n<p>\u00ab Vous \u00eates au-dessus de l\u2019ensemble de nos services. Vous h\u00e9ritez d\u2019un service qui a chut\u00e9 comme un ch\u00e2teau de carte. La population continue de souffrir des agissements de certains de nos brebis galeuses. L\u2019une de vos missions fondamentales est d\u2019\u00eatre \u00e0 l\u2019\u00e9coute des citoyens sur les agissements de certains d\u2019entre nous \u00bb, a plaid\u00e9 M. Nouhan Traor\u00e9.<\/p>\n","protected":false},"excerpt":{"rendered":"<p>Nomm\u00e9 le samedi 04 mars 2023, Inspecteur G\u00e9n\u00e9ral de la Police et de la Protection Civile, le Contr\u00f4leur G\u00e9n\u00e9ral de Police, Mamadouba Paye Camara a \u00e9t\u00e9 officiellement install\u00e9 dans ses nouvelles fonctions, hier mercredi 15 mars 2023, dans les locaux du d\u00e9partement de la S\u00e9curit\u00e9 et de la Protection Civile. Lors de la passation de [&hellip;]<\/p>\n","protected":false},"author":2,"featured_media":2370,"comment_status":"closed","ping_status":"closed","sticky":false,"template":"","format":"standard","meta":{"amp_status":"","footnotes":""},"categories":[2],"tags":[],"class_list":["post-2369","post","type-post","status-publish","format-standard","has-post-thumbnail","hentry","category-featured"],"_links":{"self":[{"href":"https:\/\/feguihand.com\/indexp.php\/wp-json\/wp\/v2\/posts\/2369","targetHints":{"allow":["GET"]}}],"collection":[{"href":"https:\/\/feguihand.com\/indexp.php\/wp-json\/wp\/v2\/posts"}],"about":[{"href":"https:\/\/feguihand.com\/indexp.php\/wp-json\/wp\/v2\/types\/post"}],"author":[{"embeddable":true,"href":"https:\/\/feguihand.com\/indexp.php\/wp-json\/wp\/v2\/users\/2"}],"replies":[{"embeddable":true,"href":"https:\/\/feguihand.com\/indexp.php\/wp-json\/wp\/v2\/comments?post=2369"}],"version-history":[{"count":0,"href":"https:\/\/feguihand.com\/indexp.php\/wp-json\/wp\/v2\/posts\/2369\/revisions"}],"wp:featuredmedia":[{"embeddable":true,"href":"https:\/\/feguihand.com\/indexp.php\/wp-json\/wp\/v2\/media\/2370"}],"wp:attachment":[{"href":"https:\/\/feguihand.com\/indexp.php\/wp-json\/wp\/v2\/media?parent=2369"}],"wp:term":[{"taxonomy":"category","embeddable":true,"href":"https:\/\/feguihand.com\/indexp.php\/wp-json\/wp\/v2\/categories?post=2369"},{"taxonomy":"post_tag","embeddable":true,"href":"https:\/\/feguihand.com\/indexp.php\/wp-json\/wp\/v2\/tags?post=2369"}],"curies":[{"name":"wp","href":"https:\/\/api.w.org\/{rel}","templated":true}]}}